{"id":12424,"date":"2021-09-16T15:06:38","date_gmt":"2021-09-16T15:06:38","guid":{"rendered":"https:\/\/interreg-similar.eu\/algemene-taalmodule-onderhandelen\/"},"modified":"2022-09-22T13:36:08","modified_gmt":"2022-09-22T13:36:08","slug":"module-de-langue-generale-negocier","status":"publish","type":"post","link":"https:\/\/interreg-similar.eu\/fr\/module-de-langue-generale-negocier\/","title":{"rendered":"Module de langue g\u00e9n\u00e9rale : N\u00e9gocier"},"content":{"rendered":"\n<div class=\"wp-block-columns is-layout-flex wp-container-core-columns-is-layout-9d6595d7 wp-block-columns-is-layout-flex\">\n<div class=\"wp-block-column is-layout-flow wp-block-column-is-layout-flow\" style=\"flex-basis:60%\">\n<p class=\"has-medium-font-size\">Le module de langue g\u00e9n\u00e9rale bilingue <strong>N\u00e9gocier<\/strong> ci-dessous traverse les modules th\u00e9matiques. Il constitue un bon support pour les sujets importants trait\u00e9s dans ces modules th\u00e9matiques. Le module est illustr\u00e9 par de nombreux clips audio et exercices linguistiques.<\/p>\n\n\n\n<p class=\"has-medium-font-size\">Nos modules d\u2019apprentissage en ligne sont con\u00e7us sur mesure sur la plateforme Articulate. Remplissez vos coordonn\u00e9es ci-dessous et commencez tout de suite.<\/p>\n<\/div>\n\n\n\n<div class=\"wp-block-column is-layout-flow wp-block-column-is-layout-flow\" style=\"flex-basis:40%\">\n<figure class=\"wp-block-image size-full\"><img loading=\"lazy\" decoding=\"async\" width=\"225\" height=\"225\" src=\"https:\/\/interreg-similar.eu\/wp-content\/uploads\/2022\/09\/negocier.png\" alt=\"\" class=\"wp-image-10960\" srcset=\"https:\/\/interreg-similar.eu\/wp-content\/uploads\/2022\/09\/negocier.png 225w, https:\/\/interreg-similar.eu\/wp-content\/uploads\/2022\/09\/negocier-160x160.png 160w\" sizes=\"auto, (max-width: 225px) 100vw, 225px\" \/><\/figure>\n<\/div>\n<\/div>\n\n\n\n<div class=\"wp-block-columns is-layout-flex wp-container-core-columns-is-layout-9d6595d7 wp-block-columns-is-layout-flex\">\n<div class=\"wp-block-column is-layout-flow wp-block-column-is-layout-flow\" style=\"flex-basis:100%\">\n<div class=\"wp-block-columns is-layout-flex wp-container-core-columns-is-layout-9d6595d7 wp-block-columns-is-layout-flex\">\n<div class=\"wp-block-column is-layout-flow wp-block-column-is-layout-flow\" style=\"flex-basis:80%\">\n<iframe loading=\"lazy\" id=\"gform\" src=\"https:\/\/docs.google.com\/forms\/d\/e\/1FAIpQLSdN2nGah8aNi4Xygw_VTQkYjEhx0_1xyJp5Oeaih4DITWY3Bg\/viewform?embedded=true\" marginheight=\"0\" marginwidth=\"0\" width=\"1024\" height=\"1600\" frameborder=\"0\" align=\"left\">Laden\u2026<\/iframe>\n\n\n<script type=\"text\/javascript\">\nvar load = 0;\n\ndocument.getElementById('gform').onload = function(){\n    \/*Execute on every reload on iFrame*\/\n    load++;\n    if(load > 1){\n        \/*Second reload is a submit*\/\n        document.location = \"https:\/\/rise.articulate.com\/share\/YUp4jboCasgLw18t8Ss9XN4Me_PEMKES#\/\";\n    }\n}\n<\/script>\n<\/div>\n\n\n\n<div class=\"wp-block-column is-layout-flow wp-block-column-is-layout-flow\" style=\"flex-basis:50%\"><\/div>\n<\/div>\n<\/div>\n<\/div>\n\n\n\n<p><\/p>\n","protected":false},"excerpt":{"rendered":"<p>Le module de langue g\u00e9n\u00e9rale bilingue N\u00e9gocier ci-dessous traverse les modules th\u00e9matiques. Il constitue un bon support pour les sujets&hellip;<\/p>\n","protected":false},"author":3,"featured_media":10961,"comment_status":"closed","ping_status":"closed","sticky":false,"template":"templates\/wide.php","format":"standard","meta":{"_coblocks_attr":"","_coblocks_dimensions":"","_coblocks_responsive_height":"","_coblocks_accordion_ie_support":"","_jetpack_memberships_contains_paid_content":false,"footnotes":""},"categories":[24],"tags":[],"class_list":["post-12424","post","type-post","status-publish","format-standard","has-post-thumbnail","hentry","category-modules-culture-langues"],"yoast_head":"<!-- This site is optimized with the Yoast SEO plugin v27.5 - https:\/\/yoast.com\/product\/yoast-seo-wordpress\/ -->\n<title>Module de langue g\u00e9n\u00e9rale : N\u00e9gocier - SIMILAR<\/title>\n<meta name=\"robots\" content=\"index, follow, max-snippet:-1, max-image-preview:large, max-video-preview:-1\" \/>\n<link rel=\"canonical\" href=\"https:\/\/interreg-similar.eu\/fr\/module-de-langue-generale-negocier\/\" \/>\n<meta property=\"og:locale\" content=\"fr_FR\" \/>\n<meta property=\"og:type\" content=\"article\" \/>\n<meta property=\"og:title\" content=\"Module de langue g\u00e9n\u00e9rale : N\u00e9gocier - SIMILAR\" \/>\n<meta property=\"og:description\" content=\"Le module de langue g\u00e9n\u00e9rale bilingue N\u00e9gocier ci-dessous traverse les modules th\u00e9matiques. Il constitue un bon support pour les sujets&hellip;\" \/>\n<meta property=\"og:url\" content=\"https:\/\/interreg-similar.eu\/fr\/module-de-langue-generale-negocier\/\" \/>\n<meta property=\"og:site_name\" content=\"SIMILAR\" \/>\n<meta property=\"article:published_time\" content=\"2021-09-16T15:06:38+00:00\" \/>\n<meta property=\"article:modified_time\" content=\"2022-09-22T13:36:08+00:00\" \/>\n<meta property=\"og:image\" content=\"https:\/\/interreg-similar.eu\/wp-content\/uploads\/2022\/09\/negocier.png\" \/>\n\t<meta property=\"og:image:width\" content=\"225\" \/>\n\t<meta property=\"og:image:height\" content=\"225\" \/>\n\t<meta property=\"og:image:type\" content=\"image\/png\" \/>\n<meta name=\"author\" content=\"wouter\" \/>\n<meta name=\"twitter:card\" content=\"summary_large_image\" \/>\n<meta name=\"twitter:label1\" content=\"\u00c9crit par\" \/>\n\t<meta name=\"twitter:data1\" content=\"wouter\" \/>\n\t<meta name=\"twitter:label2\" content=\"Dur\u00e9e de lecture estim\u00e9e\" \/>\n\t<meta name=\"twitter:data2\" content=\"1 minute\" \/>\n<script type=\"application\/ld+json\" class=\"yoast-schema-graph\">{\"@context\":\"https:\\\/\\\/schema.org\",\"@graph\":[{\"@type\":\"Article\",\"@id\":\"https:\\\/\\\/interreg-similar.eu\\\/fr\\\/module-de-langue-generale-negocier\\\/#article\",\"isPartOf\":{\"@id\":\"https:\\\/\\\/interreg-similar.eu\\\/fr\\\/module-de-langue-generale-negocier\\\/\"},\"author\":{\"name\":\"wouter\",\"@id\":\"https:\\\/\\\/interreg-similar.eu\\\/fr\\\/#\\\/schema\\\/person\\\/10e117228f3c1adf03e7c3178081007f\"},\"headline\":\"Module de langue g\u00e9n\u00e9rale : N\u00e9gocier\",\"datePublished\":\"2021-09-16T15:06:38+00:00\",\"dateModified\":\"2022-09-22T13:36:08+00:00\",\"mainEntityOfPage\":{\"@id\":\"https:\\\/\\\/interreg-similar.eu\\\/fr\\\/module-de-langue-generale-negocier\\\/\"},\"wordCount\":78,\"publisher\":{\"@id\":\"https:\\\/\\\/interreg-similar.eu\\\/fr\\\/#organization\"},\"image\":{\"@id\":\"https:\\\/\\\/interreg-similar.eu\\\/fr\\\/module-de-langue-generale-negocier\\\/#primaryimage\"},\"thumbnailUrl\":\"https:\\\/\\\/interreg-similar.eu\\\/wp-content\\\/uploads\\\/2022\\\/09\\\/negocier.png\",\"articleSection\":[\"Modules culture et langues\"],\"inLanguage\":\"fr-FR\"},{\"@type\":\"WebPage\",\"@id\":\"https:\\\/\\\/interreg-similar.eu\\\/fr\\\/module-de-langue-generale-negocier\\\/\",\"url\":\"https:\\\/\\\/interreg-similar.eu\\\/fr\\\/module-de-langue-generale-negocier\\\/\",\"name\":\"Module de langue g\u00e9n\u00e9rale : N\u00e9gocier - SIMILAR\",\"isPartOf\":{\"@id\":\"https:\\\/\\\/interreg-similar.eu\\\/fr\\\/#website\"},\"primaryImageOfPage\":{\"@id\":\"https:\\\/\\\/interreg-similar.eu\\\/fr\\\/module-de-langue-generale-negocier\\\/#primaryimage\"},\"image\":{\"@id\":\"https:\\\/\\\/interreg-similar.eu\\\/fr\\\/module-de-langue-generale-negocier\\\/#primaryimage\"},\"thumbnailUrl\":\"https:\\\/\\\/interreg-similar.eu\\\/wp-content\\\/uploads\\\/2022\\\/09\\\/negocier.png\",\"datePublished\":\"2021-09-16T15:06:38+00:00\",\"dateModified\":\"2022-09-22T13:36:08+00:00\",\"breadcrumb\":{\"@id\":\"https:\\\/\\\/interreg-similar.eu\\\/fr\\\/module-de-langue-generale-negocier\\\/#breadcrumb\"},\"inLanguage\":\"fr-FR\",\"potentialAction\":[{\"@type\":\"ReadAction\",\"target\":[\"https:\\\/\\\/interreg-similar.eu\\\/fr\\\/module-de-langue-generale-negocier\\\/\"]}]},{\"@type\":\"ImageObject\",\"inLanguage\":\"fr-FR\",\"@id\":\"https:\\\/\\\/interreg-similar.eu\\\/fr\\\/module-de-langue-generale-negocier\\\/#primaryimage\",\"url\":\"https:\\\/\\\/interreg-similar.eu\\\/wp-content\\\/uploads\\\/2022\\\/09\\\/negocier.png\",\"contentUrl\":\"https:\\\/\\\/interreg-similar.eu\\\/wp-content\\\/uploads\\\/2022\\\/09\\\/negocier.png\",\"width\":225,\"height\":225},{\"@type\":\"BreadcrumbList\",\"@id\":\"https:\\\/\\\/interreg-similar.eu\\\/fr\\\/module-de-langue-generale-negocier\\\/#breadcrumb\",\"itemListElement\":[{\"@type\":\"ListItem\",\"position\":1,\"name\":\"Home\",\"item\":\"https:\\\/\\\/interreg-similar.eu\\\/fr\\\/\"},{\"@type\":\"ListItem\",\"position\":2,\"name\":\"Module de langue g\u00e9n\u00e9rale : N\u00e9gocier\"}]},{\"@type\":\"WebSite\",\"@id\":\"https:\\\/\\\/interreg-similar.eu\\\/fr\\\/#website\",\"url\":\"https:\\\/\\\/interreg-similar.eu\\\/fr\\\/\",\"name\":\"SIMILAR\",\"description\":\"Taal- en cul\u00adtuur\u00adbeleid als sleutel tot het internationaal concur\u00adrentie\u00advermogen van kmo\u2019s in de voedingssector.\",\"publisher\":{\"@id\":\"https:\\\/\\\/interreg-similar.eu\\\/fr\\\/#organization\"},\"potentialAction\":[{\"@type\":\"SearchAction\",\"target\":{\"@type\":\"EntryPoint\",\"urlTemplate\":\"https:\\\/\\\/interreg-similar.eu\\\/fr\\\/?s={search_term_string}\"},\"query-input\":{\"@type\":\"PropertyValueSpecification\",\"valueRequired\":true,\"valueName\":\"search_term_string\"}}],\"inLanguage\":\"fr-FR\"},{\"@type\":\"Organization\",\"@id\":\"https:\\\/\\\/interreg-similar.eu\\\/fr\\\/#organization\",\"name\":\"Interreg Similar\",\"url\":\"https:\\\/\\\/interreg-similar.eu\\\/fr\\\/\",\"logo\":{\"@type\":\"ImageObject\",\"inLanguage\":\"fr-FR\",\"@id\":\"https:\\\/\\\/interreg-similar.eu\\\/fr\\\/#\\\/schema\\\/logo\\\/image\\\/\",\"url\":\"https:\\\/\\\/interreg-similar.eu\\\/wp-content\\\/uploads\\\/2019\\\/11\\\/cropped-interreg-similar.jpg\",\"contentUrl\":\"https:\\\/\\\/interreg-similar.eu\\\/wp-content\\\/uploads\\\/2019\\\/11\\\/cropped-interreg-similar.jpg\",\"width\":1008,\"height\":390,\"caption\":\"Interreg Similar\"},\"image\":{\"@id\":\"https:\\\/\\\/interreg-similar.eu\\\/fr\\\/#\\\/schema\\\/logo\\\/image\\\/\"}},{\"@type\":\"Person\",\"@id\":\"https:\\\/\\\/interreg-similar.eu\\\/fr\\\/#\\\/schema\\\/person\\\/10e117228f3c1adf03e7c3178081007f\",\"name\":\"wouter\",\"url\":\"https:\\\/\\\/interreg-similar.eu\\\/fr\\\/author\\\/wouter\\\/\"}]}<\/script>\n<!-- \/ Yoast SEO plugin. -->","yoast_head_json":{"title":"Module de langue g\u00e9n\u00e9rale : N\u00e9gocier - SIMILAR","robots":{"index":"index","follow":"follow","max-snippet":"max-snippet:-1","max-image-preview":"max-image-preview:large","max-video-preview":"max-video-preview:-1"},"canonical":"https:\/\/interreg-similar.eu\/fr\/module-de-langue-generale-negocier\/","og_locale":"fr_FR","og_type":"article","og_title":"Module de langue g\u00e9n\u00e9rale : N\u00e9gocier - SIMILAR","og_description":"Le module de langue g\u00e9n\u00e9rale bilingue N\u00e9gocier ci-dessous traverse les modules th\u00e9matiques. Il constitue un bon support pour les sujets&hellip;","og_url":"https:\/\/interreg-similar.eu\/fr\/module-de-langue-generale-negocier\/","og_site_name":"SIMILAR","article_published_time":"2021-09-16T15:06:38+00:00","article_modified_time":"2022-09-22T13:36:08+00:00","og_image":[{"width":225,"height":225,"url":"https:\/\/interreg-similar.eu\/wp-content\/uploads\/2022\/09\/negocier.png","type":"image\/png"}],"author":"wouter","twitter_card":"summary_large_image","twitter_misc":{"\u00c9crit par":"wouter","Dur\u00e9e de lecture estim\u00e9e":"1 minute"},"schema":{"@context":"https:\/\/schema.org","@graph":[{"@type":"Article","@id":"https:\/\/interreg-similar.eu\/fr\/module-de-langue-generale-negocier\/#article","isPartOf":{"@id":"https:\/\/interreg-similar.eu\/fr\/module-de-langue-generale-negocier\/"},"author":{"name":"wouter","@id":"https:\/\/interreg-similar.eu\/fr\/#\/schema\/person\/10e117228f3c1adf03e7c3178081007f"},"headline":"Module de langue g\u00e9n\u00e9rale : N\u00e9gocier","datePublished":"2021-09-16T15:06:38+00:00","dateModified":"2022-09-22T13:36:08+00:00","mainEntityOfPage":{"@id":"https:\/\/interreg-similar.eu\/fr\/module-de-langue-generale-negocier\/"},"wordCount":78,"publisher":{"@id":"https:\/\/interreg-similar.eu\/fr\/#organization"},"image":{"@id":"https:\/\/interreg-similar.eu\/fr\/module-de-langue-generale-negocier\/#primaryimage"},"thumbnailUrl":"https:\/\/interreg-similar.eu\/wp-content\/uploads\/2022\/09\/negocier.png","articleSection":["Modules culture et langues"],"inLanguage":"fr-FR"},{"@type":"WebPage","@id":"https:\/\/interreg-similar.eu\/fr\/module-de-langue-generale-negocier\/","url":"https:\/\/interreg-similar.eu\/fr\/module-de-langue-generale-negocier\/","name":"Module de langue g\u00e9n\u00e9rale : N\u00e9gocier - SIMILAR","isPartOf":{"@id":"https:\/\/interreg-similar.eu\/fr\/#website"},"primaryImageOfPage":{"@id":"https:\/\/interreg-similar.eu\/fr\/module-de-langue-generale-negocier\/#primaryimage"},"image":{"@id":"https:\/\/interreg-similar.eu\/fr\/module-de-langue-generale-negocier\/#primaryimage"},"thumbnailUrl":"https:\/\/interreg-similar.eu\/wp-content\/uploads\/2022\/09\/negocier.png","datePublished":"2021-09-16T15:06:38+00:00","dateModified":"2022-09-22T13:36:08+00:00","breadcrumb":{"@id":"https:\/\/interreg-similar.eu\/fr\/module-de-langue-generale-negocier\/#breadcrumb"},"inLanguage":"fr-FR","potentialAction":[{"@type":"ReadAction","target":["https:\/\/interreg-similar.eu\/fr\/module-de-langue-generale-negocier\/"]}]},{"@type":"ImageObject","inLanguage":"fr-FR","@id":"https:\/\/interreg-similar.eu\/fr\/module-de-langue-generale-negocier\/#primaryimage","url":"https:\/\/interreg-similar.eu\/wp-content\/uploads\/2022\/09\/negocier.png","contentUrl":"https:\/\/interreg-similar.eu\/wp-content\/uploads\/2022\/09\/negocier.png","width":225,"height":225},{"@type":"BreadcrumbList","@id":"https:\/\/interreg-similar.eu\/fr\/module-de-langue-generale-negocier\/#breadcrumb","itemListElement":[{"@type":"ListItem","position":1,"name":"Home","item":"https:\/\/interreg-similar.eu\/fr\/"},{"@type":"ListItem","position":2,"name":"Module de langue g\u00e9n\u00e9rale : N\u00e9gocier"}]},{"@type":"WebSite","@id":"https:\/\/interreg-similar.eu\/fr\/#website","url":"https:\/\/interreg-similar.eu\/fr\/","name":"SIMILAR","description":"Taal- en cul\u00adtuur\u00adbeleid als sleutel tot het internationaal concur\u00adrentie\u00advermogen van kmo\u2019s in de voedingssector.","publisher":{"@id":"https:\/\/interreg-similar.eu\/fr\/#organization"},"potentialAction":[{"@type":"SearchAction","target":{"@type":"EntryPoint","urlTemplate":"https:\/\/interreg-similar.eu\/fr\/?s={search_term_string}"},"query-input":{"@type":"PropertyValueSpecification","valueRequired":true,"valueName":"search_term_string"}}],"inLanguage":"fr-FR"},{"@type":"Organization","@id":"https:\/\/interreg-similar.eu\/fr\/#organization","name":"Interreg Similar","url":"https:\/\/interreg-similar.eu\/fr\/","logo":{"@type":"ImageObject","inLanguage":"fr-FR","@id":"https:\/\/interreg-similar.eu\/fr\/#\/schema\/logo\/image\/","url":"https:\/\/interreg-similar.eu\/wp-content\/uploads\/2019\/11\/cropped-interreg-similar.jpg","contentUrl":"https:\/\/interreg-similar.eu\/wp-content\/uploads\/2019\/11\/cropped-interreg-similar.jpg","width":1008,"height":390,"caption":"Interreg Similar"},"image":{"@id":"https:\/\/interreg-similar.eu\/fr\/#\/schema\/logo\/image\/"}},{"@type":"Person","@id":"https:\/\/interreg-similar.eu\/fr\/#\/schema\/person\/10e117228f3c1adf03e7c3178081007f","name":"wouter","url":"https:\/\/interreg-similar.eu\/fr\/author\/wouter\/"}]}},"jetpack_featured_media_url":"https:\/\/interreg-similar.eu\/wp-content\/uploads\/2022\/09\/negocier.png","jetpack_sharing_enabled":false,"_links":{"self":[{"href":"https:\/\/interreg-similar.eu\/fr\/wp-json\/wp\/v2\/posts\/12424","targetHints":{"allow":["GET"]}}],"collection":[{"href":"https:\/\/interreg-similar.eu\/fr\/wp-json\/wp\/v2\/posts"}],"about":[{"href":"https:\/\/interreg-similar.eu\/fr\/wp-json\/wp\/v2\/types\/post"}],"author":[{"embeddable":true,"href":"https:\/\/interreg-similar.eu\/fr\/wp-json\/wp\/v2\/users\/3"}],"replies":[{"embeddable":true,"href":"https:\/\/interreg-similar.eu\/fr\/wp-json\/wp\/v2\/comments?post=12424"}],"version-history":[{"count":3,"href":"https:\/\/interreg-similar.eu\/fr\/wp-json\/wp\/v2\/posts\/12424\/revisions"}],"predecessor-version":[{"id":12958,"href":"https:\/\/interreg-similar.eu\/fr\/wp-json\/wp\/v2\/posts\/12424\/revisions\/12958"}],"wp:featuredmedia":[{"embeddable":true,"href":"https:\/\/interreg-similar.eu\/fr\/wp-json\/wp\/v2\/media\/10961"}],"wp:attachment":[{"href":"https:\/\/interreg-similar.eu\/fr\/wp-json\/wp\/v2\/media?parent=12424"}],"wp:term":[{"taxonomy":"category","embeddable":true,"href":"https:\/\/interreg-similar.eu\/fr\/wp-json\/wp\/v2\/categories?post=12424"},{"taxonomy":"post_tag","embeddable":true,"href":"https:\/\/interreg-similar.eu\/fr\/wp-json\/wp\/v2\/tags?post=12424"}],"curies":[{"name":"wp","href":"https:\/\/api.w.org\/{rel}","templated":true}]}}